{"id":1630,"date":"2019-02-15T14:36:13","date_gmt":"2019-02-15T14:36:13","guid":{"rendered":"https:\/\/www.bulaoutdoor.nl\/?p=1630"},"modified":"2019-03-26T15:05:31","modified_gmt":"2019-03-26T15:05:31","slug":"journee-portes-ouvertes-13-14-avril","status":"publish","type":"post","link":"https:\/\/bulaoutdoor.nl\/fr\/2019\/02\/15\/open-dag-13-14-april\/","title":{"rendered":"Journ\u00e9e portes ouvertes 13\/14 avril"},"content":{"rendered":"<p>Les 13 et 14 avril, Bula Outdoor organise une journ\u00e9e portes ouvertes. De 10h \u00e0 17h, les portes seront ouvertes. Il y aura des pr\u00e9sentations continues du barbecue en c\u00e9ramique Primo, des fours \u00e0 bois Alfa, du Bula Smart BBQ et des produits Weltevree. Participez \u00e9galement \u00e0 divers ateliers. Pr\u00e9parez une d\u00e9licieuse pizza napoletana ou grillez le meilleur hamburger. Le 15 avril, de 12 \u00e0 18 heures, une journ\u00e9e portes ouvertes sera organis\u00e9e \u00e0 l'intention des professionnels de l'h\u00f4tellerie, des architectes et des concepteurs de jardins.<\/p>\n\n\n\n<figure class=\"wp-block-image\"><img loading=\"lazy\" decoding=\"async\" width=\"600\" height=\"400\" src=\"https:\/\/www.bulaoutdoor.nl\/wp-content\/uploads\/2019\/02\/51193464_1219794584840936_7063930388153892864_n.jpg\" alt=\"Journ\u00e9e portes ouvertes de Bula Outdoor 13 et 14 avril \" class=\"wp-image-1632\" srcset=\"https:\/\/bulaoutdoor.nl\/wp-content\/uploads\/2019\/02\/51193464_1219794584840936_7063930388153892864_n.jpg 600w, https:\/\/bulaoutdoor.nl\/wp-content\/uploads\/2019\/02\/51193464_1219794584840936_7063930388153892864_n-416x277.jpg 416w, https:\/\/bulaoutdoor.nl\/wp-content\/uploads\/2019\/02\/51193464_1219794584840936_7063930388153892864_n-300x200.jpg 300w\" sizes=\"auto, (max-width: 600px) 100vw, 600px\" \/><\/figure>","protected":false},"excerpt":{"rendered":"<p>Op 13 en 14 april heeft Bula Outdoor een open dag. Van 10 tot 17 uur zijn de deuren geopend. Er zijn doorlopend presentaties met de Primo ceramische BBQ, Alfa houtovens, Bula Smart BBQ, Weltevree producten. Doe ook mee aan diverse workshops. Bak een heerlijke pizza napoletana, of grill de beste hamburger. 15 april van [&hellip;]<\/p>\n","protected":false},"author":5,"featured_media":0,"comment_status":"open","ping_status":"open","sticky":false,"template":"","format":"standard","meta":{"_acf_changed":false,"_jetpack_memberships_contains_paid_content":false,"footnotes":""},"categories":[1],"tags":[],"class_list":["post-1630","post","type-post","status-publish","format-standard","hentry","category-blog"],"acf":[],"yoast_head":"<!-- This site is optimized with the Yoast SEO plugin v27.5 - https:\/\/yoast.com\/product\/yoast-seo-wordpress\/ -->\n<title>Open dag 13\/14 april &#8211; Bula Outdoor<\/title>\n<meta name=\"robots\" content=\"index, follow, max-snippet:-1, max-image-preview:large, max-video-preview:-1\" \/>\n<link rel=\"canonical\" href=\"https:\/\/bulaoutdoor.nl\/fr\/2019\/02\/15\/journee-portes-ouvertes-13-14-avril\/\" \/>\n<meta property=\"og:locale\" content=\"fr_FR\" \/>\n<meta property=\"og:type\" content=\"article\" \/>\n<meta property=\"og:title\" content=\"Open dag 13\/14 april &#8211; Bula Outdoor\" \/>\n<meta property=\"og:description\" content=\"Op 13 en 14 april heeft Bula Outdoor een open dag. Van 10 tot 17 uur zijn de deuren geopend. Er zijn doorlopend presentaties met de Primo ceramische BBQ, Alfa houtovens, Bula Smart BBQ, Weltevree producten. Doe ook mee aan diverse workshops. Bak een heerlijke pizza napoletana, of grill de beste hamburger. 15 april van [&hellip;]\" \/>\n<meta property=\"og:url\" content=\"https:\/\/bulaoutdoor.nl\/fr\/2019\/02\/15\/journee-portes-ouvertes-13-14-avril\/\" \/>\n<meta property=\"og:site_name\" content=\"Bula Outdoor\" \/>\n<meta property=\"article:published_time\" content=\"2019-02-15T14:36:13+00:00\" \/>\n<meta property=\"article:modified_time\" content=\"2019-03-26T15:05:31+00:00\" \/>\n<meta property=\"og:image\" content=\"https:\/\/www.bulaoutdoor.nl\/wp-content\/uploads\/2019\/02\/51193464_1219794584840936_7063930388153892864_n.jpg\" \/>\n<meta name=\"author\" content=\"John\" \/>\n<meta name=\"twitter:card\" content=\"summary_large_image\" \/>\n<meta name=\"twitter:label1\" content=\"\u00c9crit par\" \/>\n\t<meta name=\"twitter:data1\" content=\"John\" \/>\n<script type=\"application\/ld+json\" class=\"yoast-schema-graph\">{\"@context\":\"https:\\\/\\\/schema.org\",\"@graph\":[{\"@type\":\"Article\",\"@id\":\"https:\\\/\\\/bulaoutdoor.nl\\\/2019\\\/02\\\/15\\\/open-dag-13-14-april\\\/#article\",\"isPartOf\":{\"@id\":\"https:\\\/\\\/bulaoutdoor.nl\\\/2019\\\/02\\\/15\\\/open-dag-13-14-april\\\/\"},\"author\":{\"name\":\"John\",\"@id\":\"https:\\\/\\\/bulaoutdoor.nl\\\/#\\\/schema\\\/person\\\/ae35a931ee4f25042ceac124fda8ee07\"},\"headline\":\"Open dag 13\\\/14 april\",\"datePublished\":\"2019-02-15T14:36:13+00:00\",\"dateModified\":\"2019-03-26T15:05:31+00:00\",\"mainEntityOfPage\":{\"@id\":\"https:\\\/\\\/bulaoutdoor.nl\\\/2019\\\/02\\\/15\\\/open-dag-13-14-april\\\/\"},\"wordCount\":64,\"commentCount\":0,\"publisher\":{\"@id\":\"https:\\\/\\\/bulaoutdoor.nl\\\/#organization\"},\"image\":{\"@id\":\"https:\\\/\\\/bulaoutdoor.nl\\\/2019\\\/02\\\/15\\\/open-dag-13-14-april\\\/#primaryimage\"},\"thumbnailUrl\":\"https:\\\/\\\/www.bulaoutdoor.nl\\\/wp-content\\\/uploads\\\/2019\\\/02\\\/51193464_1219794584840936_7063930388153892864_n.jpg\",\"articleSection\":[\"Blog\"],\"inLanguage\":\"fr-FR\",\"potentialAction\":[{\"@type\":\"CommentAction\",\"name\":\"Comment\",\"target\":[\"https:\\\/\\\/bulaoutdoor.nl\\\/2019\\\/02\\\/15\\\/open-dag-13-14-april\\\/#respond\"]}]},{\"@type\":\"WebPage\",\"@id\":\"https:\\\/\\\/bulaoutdoor.nl\\\/2019\\\/02\\\/15\\\/open-dag-13-14-april\\\/\",\"url\":\"https:\\\/\\\/bulaoutdoor.nl\\\/2019\\\/02\\\/15\\\/open-dag-13-14-april\\\/\",\"name\":\"Open dag 13\\\/14 april &#8211; Bula Outdoor\",\"isPartOf\":{\"@id\":\"https:\\\/\\\/bulaoutdoor.nl\\\/#website\"},\"primaryImageOfPage\":{\"@id\":\"https:\\\/\\\/bulaoutdoor.nl\\\/2019\\\/02\\\/15\\\/open-dag-13-14-april\\\/#primaryimage\"},\"image\":{\"@id\":\"https:\\\/\\\/bulaoutdoor.nl\\\/2019\\\/02\\\/15\\\/open-dag-13-14-april\\\/#primaryimage\"},\"thumbnailUrl\":\"https:\\\/\\\/www.bulaoutdoor.nl\\\/wp-content\\\/uploads\\\/2019\\\/02\\\/51193464_1219794584840936_7063930388153892864_n.jpg\",\"datePublished\":\"2019-02-15T14:36:13+00:00\",\"dateModified\":\"2019-03-26T15:05:31+00:00\",\"breadcrumb\":{\"@id\":\"https:\\\/\\\/bulaoutdoor.nl\\\/2019\\\/02\\\/15\\\/open-dag-13-14-april\\\/#breadcrumb\"},\"inLanguage\":\"fr-FR\",\"potentialAction\":[{\"@type\":\"ReadAction\",\"target\":[\"https:\\\/\\\/bulaoutdoor.nl\\\/2019\\\/02\\\/15\\\/open-dag-13-14-april\\\/\"]}]},{\"@type\":\"ImageObject\",\"inLanguage\":\"fr-FR\",\"@id\":\"https:\\\/\\\/bulaoutdoor.nl\\\/2019\\\/02\\\/15\\\/open-dag-13-14-april\\\/#primaryimage\",\"url\":\"https:\\\/\\\/www.bulaoutdoor.nl\\\/wp-content\\\/uploads\\\/2019\\\/02\\\/51193464_1219794584840936_7063930388153892864_n.jpg\",\"contentUrl\":\"https:\\\/\\\/www.bulaoutdoor.nl\\\/wp-content\\\/uploads\\\/2019\\\/02\\\/51193464_1219794584840936_7063930388153892864_n.jpg\"},{\"@type\":\"BreadcrumbList\",\"@id\":\"https:\\\/\\\/bulaoutdoor.nl\\\/2019\\\/02\\\/15\\\/open-dag-13-14-april\\\/#breadcrumb\",\"itemListElement\":[{\"@type\":\"ListItem\",\"position\":1,\"name\":\"Home\",\"item\":\"https:\\\/\\\/bulaoutdoor.nl\\\/\"},{\"@type\":\"ListItem\",\"position\":2,\"name\":\"Open dag 13\\\/14 april\"}]},{\"@type\":\"WebSite\",\"@id\":\"https:\\\/\\\/bulaoutdoor.nl\\\/#website\",\"url\":\"https:\\\/\\\/bulaoutdoor.nl\\\/\",\"name\":\"Bula Outdoor\",\"description\":\"Voor uw buitenhaard, BBQ, tuinfakkel en houtoven\",\"publisher\":{\"@id\":\"https:\\\/\\\/bulaoutdoor.nl\\\/#organization\"},\"potentialAction\":[{\"@type\":\"SearchAction\",\"target\":{\"@type\":\"EntryPoint\",\"urlTemplate\":\"https:\\\/\\\/bulaoutdoor.nl\\\/?s={search_term_string}\"},\"query-input\":{\"@type\":\"PropertyValueSpecification\",\"valueRequired\":true,\"valueName\":\"search_term_string\"}}],\"inLanguage\":\"fr-FR\"},{\"@type\":\"Organization\",\"@id\":\"https:\\\/\\\/bulaoutdoor.nl\\\/#organization\",\"name\":\"Bula Outdoor\",\"url\":\"https:\\\/\\\/bulaoutdoor.nl\\\/\",\"logo\":{\"@type\":\"ImageObject\",\"inLanguage\":\"fr-FR\",\"@id\":\"https:\\\/\\\/bulaoutdoor.nl\\\/#\\\/schema\\\/logo\\\/image\\\/\",\"url\":\"https:\\\/\\\/www.bulaoutdoor.nl\\\/wp-content\\\/uploads\\\/2018\\\/04\\\/bulaoutdoor-logo.png\",\"contentUrl\":\"https:\\\/\\\/www.bulaoutdoor.nl\\\/wp-content\\\/uploads\\\/2018\\\/04\\\/bulaoutdoor-logo.png\",\"width\":324,\"height\":91,\"caption\":\"Bula Outdoor\"},\"image\":{\"@id\":\"https:\\\/\\\/bulaoutdoor.nl\\\/#\\\/schema\\\/logo\\\/image\\\/\"}},{\"@type\":\"Person\",\"@id\":\"https:\\\/\\\/bulaoutdoor.nl\\\/#\\\/schema\\\/person\\\/ae35a931ee4f25042ceac124fda8ee07\",\"name\":\"John\",\"image\":{\"@type\":\"ImageObject\",\"inLanguage\":\"fr-FR\",\"@id\":\"https:\\\/\\\/secure.gravatar.com\\\/avatar\\\/66a06d16387ac1ec9fa208ff23287b84e69edf798d3a0d2276985840297f8b03?s=96&d=mm&r=g\",\"url\":\"https:\\\/\\\/secure.gravatar.com\\\/avatar\\\/66a06d16387ac1ec9fa208ff23287b84e69edf798d3a0d2276985840297f8b03?s=96&d=mm&r=g\",\"contentUrl\":\"https:\\\/\\\/secure.gravatar.com\\\/avatar\\\/66a06d16387ac1ec9fa208ff23287b84e69edf798d3a0d2276985840297f8b03?s=96&d=mm&r=g\",\"caption\":\"John\"}}]}<\/script>\n<!-- \/ Yoast SEO plugin. -->","yoast_head_json":{"title":"Journ\u00e9e portes ouvertes les 13 et 14 avril - Bula Outdoor","robots":{"index":"index","follow":"follow","max-snippet":"max-snippet:-1","max-image-preview":"max-image-preview:large","max-video-preview":"max-video-preview:-1"},"canonical":"https:\/\/bulaoutdoor.nl\/fr\/2019\/02\/15\/journee-portes-ouvertes-13-14-avril\/","og_locale":"fr_FR","og_type":"article","og_title":"Open dag 13\/14 april &#8211; Bula Outdoor","og_description":"Op 13 en 14 april heeft Bula Outdoor een open dag. Van 10 tot 17 uur zijn de deuren geopend. Er zijn doorlopend presentaties met de Primo ceramische BBQ, Alfa houtovens, Bula Smart BBQ, Weltevree producten. Doe ook mee aan diverse workshops. Bak een heerlijke pizza napoletana, of grill de beste hamburger. 15 april van [&hellip;]","og_url":"https:\/\/bulaoutdoor.nl\/fr\/2019\/02\/15\/journee-portes-ouvertes-13-14-avril\/","og_site_name":"Bula Outdoor","article_published_time":"2019-02-15T14:36:13+00:00","article_modified_time":"2019-03-26T15:05:31+00:00","og_image":[{"url":"https:\/\/www.bulaoutdoor.nl\/wp-content\/uploads\/2019\/02\/51193464_1219794584840936_7063930388153892864_n.jpg","type":"","width":"","height":""}],"author":"John","twitter_card":"summary_large_image","twitter_misc":{"\u00c9crit par":"John"},"schema":{"@context":"https:\/\/schema.org","@graph":[{"@type":"Article","@id":"https:\/\/bulaoutdoor.nl\/2019\/02\/15\/open-dag-13-14-april\/#article","isPartOf":{"@id":"https:\/\/bulaoutdoor.nl\/2019\/02\/15\/open-dag-13-14-april\/"},"author":{"name":"John","@id":"https:\/\/bulaoutdoor.nl\/#\/schema\/person\/ae35a931ee4f25042ceac124fda8ee07"},"headline":"Open dag 13\/14 april","datePublished":"2019-02-15T14:36:13+00:00","dateModified":"2019-03-26T15:05:31+00:00","mainEntityOfPage":{"@id":"https:\/\/bulaoutdoor.nl\/2019\/02\/15\/open-dag-13-14-april\/"},"wordCount":64,"commentCount":0,"publisher":{"@id":"https:\/\/bulaoutdoor.nl\/#organization"},"image":{"@id":"https:\/\/bulaoutdoor.nl\/2019\/02\/15\/open-dag-13-14-april\/#primaryimage"},"thumbnailUrl":"https:\/\/www.bulaoutdoor.nl\/wp-content\/uploads\/2019\/02\/51193464_1219794584840936_7063930388153892864_n.jpg","articleSection":["Blog"],"inLanguage":"fr-FR","potentialAction":[{"@type":"CommentAction","name":"Comment","target":["https:\/\/bulaoutdoor.nl\/2019\/02\/15\/open-dag-13-14-april\/#respond"]}]},{"@type":"WebPage","@id":"https:\/\/bulaoutdoor.nl\/2019\/02\/15\/open-dag-13-14-april\/","url":"https:\/\/bulaoutdoor.nl\/2019\/02\/15\/open-dag-13-14-april\/","name":"Journ\u00e9e portes ouvertes les 13 et 14 avril - Bula Outdoor","isPartOf":{"@id":"https:\/\/bulaoutdoor.nl\/#website"},"primaryImageOfPage":{"@id":"https:\/\/bulaoutdoor.nl\/2019\/02\/15\/open-dag-13-14-april\/#primaryimage"},"image":{"@id":"https:\/\/bulaoutdoor.nl\/2019\/02\/15\/open-dag-13-14-april\/#primaryimage"},"thumbnailUrl":"https:\/\/www.bulaoutdoor.nl\/wp-content\/uploads\/2019\/02\/51193464_1219794584840936_7063930388153892864_n.jpg","datePublished":"2019-02-15T14:36:13+00:00","dateModified":"2019-03-26T15:05:31+00:00","breadcrumb":{"@id":"https:\/\/bulaoutdoor.nl\/2019\/02\/15\/open-dag-13-14-april\/#breadcrumb"},"inLanguage":"fr-FR","potentialAction":[{"@type":"ReadAction","target":["https:\/\/bulaoutdoor.nl\/2019\/02\/15\/open-dag-13-14-april\/"]}]},{"@type":"ImageObject","inLanguage":"fr-FR","@id":"https:\/\/bulaoutdoor.nl\/2019\/02\/15\/open-dag-13-14-april\/#primaryimage","url":"https:\/\/www.bulaoutdoor.nl\/wp-content\/uploads\/2019\/02\/51193464_1219794584840936_7063930388153892864_n.jpg","contentUrl":"https:\/\/www.bulaoutdoor.nl\/wp-content\/uploads\/2019\/02\/51193464_1219794584840936_7063930388153892864_n.jpg"},{"@type":"BreadcrumbList","@id":"https:\/\/bulaoutdoor.nl\/2019\/02\/15\/open-dag-13-14-april\/#breadcrumb","itemListElement":[{"@type":"ListItem","position":1,"name":"Home","item":"https:\/\/bulaoutdoor.nl\/"},{"@type":"ListItem","position":2,"name":"Open dag 13\/14 april"}]},{"@type":"WebSite","@id":"https:\/\/bulaoutdoor.nl\/#website","url":"https:\/\/bulaoutdoor.nl\/","name":"Bula Outdoor","description":"Pour votre chemin\u00e9e ext\u00e9rieure, votre barbecue, votre torche de jardin et votre four \u00e0 bois","publisher":{"@id":"https:\/\/bulaoutdoor.nl\/#organization"},"potentialAction":[{"@type":"SearchAction","target":{"@type":"EntryPoint","urlTemplate":"https:\/\/bulaoutdoor.nl\/?s={search_term_string}"},"query-input":{"@type":"PropertyValueSpecification","valueRequired":true,"valueName":"search_term_string"}}],"inLanguage":"fr-FR"},{"@type":"Organization","@id":"https:\/\/bulaoutdoor.nl\/#organization","name":"Bula Outdoor","url":"https:\/\/bulaoutdoor.nl\/","logo":{"@type":"ImageObject","inLanguage":"fr-FR","@id":"https:\/\/bulaoutdoor.nl\/#\/schema\/logo\/image\/","url":"https:\/\/www.bulaoutdoor.nl\/wp-content\/uploads\/2018\/04\/bulaoutdoor-logo.png","contentUrl":"https:\/\/www.bulaoutdoor.nl\/wp-content\/uploads\/2018\/04\/bulaoutdoor-logo.png","width":324,"height":91,"caption":"Bula Outdoor"},"image":{"@id":"https:\/\/bulaoutdoor.nl\/#\/schema\/logo\/image\/"}},{"@type":"Person","@id":"https:\/\/bulaoutdoor.nl\/#\/schema\/person\/ae35a931ee4f25042ceac124fda8ee07","name":"Jean","image":{"@type":"ImageObject","inLanguage":"fr-FR","@id":"https:\/\/secure.gravatar.com\/avatar\/66a06d16387ac1ec9fa208ff23287b84e69edf798d3a0d2276985840297f8b03?s=96&d=mm&r=g","url":"https:\/\/secure.gravatar.com\/avatar\/66a06d16387ac1ec9fa208ff23287b84e69edf798d3a0d2276985840297f8b03?s=96&d=mm&r=g","contentUrl":"https:\/\/secure.gravatar.com\/avatar\/66a06d16387ac1ec9fa208ff23287b84e69edf798d3a0d2276985840297f8b03?s=96&d=mm&r=g","caption":"John"}}]}},"jetpack_featured_media_url":"","jetpack_sharing_enabled":true,"_links":{"self":[{"href":"https:\/\/bulaoutdoor.nl\/fr\/wp-json\/wp\/v2\/posts\/1630","targetHints":{"allow":["GET"]}}],"collection":[{"href":"https:\/\/bulaoutdoor.nl\/fr\/wp-json\/wp\/v2\/posts"}],"about":[{"href":"https:\/\/bulaoutdoor.nl\/fr\/wp-json\/wp\/v2\/types\/post"}],"author":[{"embeddable":true,"href":"https:\/\/bulaoutdoor.nl\/fr\/wp-json\/wp\/v2\/users\/5"}],"replies":[{"embeddable":true,"href":"https:\/\/bulaoutdoor.nl\/fr\/wp-json\/wp\/v2\/comments?post=1630"}],"version-history":[{"count":3,"href":"https:\/\/bulaoutdoor.nl\/fr\/wp-json\/wp\/v2\/posts\/1630\/revisions"}],"predecessor-version":[{"id":1694,"href":"https:\/\/bulaoutdoor.nl\/fr\/wp-json\/wp\/v2\/posts\/1630\/revisions\/1694"}],"wp:attachment":[{"href":"https:\/\/bulaoutdoor.nl\/fr\/wp-json\/wp\/v2\/media?parent=1630"}],"wp:term":[{"taxonomy":"category","embeddable":true,"href":"https:\/\/bulaoutdoor.nl\/fr\/wp-json\/wp\/v2\/categories?post=1630"},{"taxonomy":"post_tag","embeddable":true,"href":"https:\/\/bulaoutdoor.nl\/fr\/wp-json\/wp\/v2\/tags?post=1630"}],"curies":[{"name":"wp","href":"https:\/\/api.w.org\/{rel}","templated":true}]}}